{"id":82838,"date":"2026-04-09T18:14:05","date_gmt":"2026-04-09T15:14:05","guid":{"rendered":"https:\/\/energy-wind.md\/?p=82838"},"modified":"2026-07-14T15:06:37","modified_gmt":"2026-07-14T12:06:37","slug":"ministerul-energiei-propune-noi-masuri-pentru-accelerarea-investitiilor-in-regenerabile","status":"publish","type":"post","link":"https:\/\/energy-wind.md\/ru\/ministerul-energiei-propune-noi-masuri-pentru-accelerarea-investitiilor-in-regenerabile\/","title":{"rendered":"Ministerul Energiei propune noi m\u0103suri pentru accelerarea investi\u021biilor \u00een regenerabile"},"content":{"rendered":"<p class=\"wp-block-paragraph\">Ministerul Energiei propune modernizarea cadrului legal pentru dezvoltarea energiei regenerabile, ceea ce ar permite accelerarea investi\u021biilor \u00een sector, prin simplificarea \u0219i digitalizarea proceselor de autorizare. Prevederile se con\u021bin \u00eentr-un proiect supus consult\u0103rilor publice, transmite MOLDPRES. Un element important al reformei este identificarea Zonelor de Accelerare pentru proiectele regenerabile, adic\u0103 zone unde procedurile vor fi implementate \u00eentr-un ritm mai rapid, iar proiectele vor beneficia de statut de utilitate public\u0103. Totodat\u0103, instalarea centralelor regenerabile cu capacitatea mai mic\u0103 de 50 kW pe acoperi\u0219uri sau terenuri private se va autoriza \u00een baza unei documenta\u021bii simplificate, iar pe acoperi\u0219urile blocurilor locative, instalarea panourilor fotovoltaice pentru zonele comune este permis\u0103 f\u0103r\u0103 autoriza\u021bie de construc\u021bie. \u00cen acela\u0219i timp, se propune crearea Ghi\u0219eului Unic digital, care va permite poten\u021bialilor investitori s\u0103 depun\u0103 toate documentele necesare \u00eentr-un singur loc, dar \u0219i s\u0103 urm\u0103reasc\u0103 \u00een timp real evolu\u021bia dosarelor. \u00cen paralel, legisla\u021bia va introduce termene clare \u0219i obligatorii pentru autorizare, care vor reduce semnificativ durata de implementare a proiectelor. \u00cen unele cazuri, precum instalarea panourilor fotovoltaice pentru autoconsum sau modernizarea unor capacit\u0103\u021bi existente, aceste termene vor fi de doar c\u00e2teva luni sau chiar s\u0103pt\u0103m\u00e2ni. Pentru prosumatori, ANRE va stabili pre\u021bul la care furnizorii serviciului universal \u0219i furnizorii de ultim\u0103 op\u021biune achizi\u021bioneaz\u0103 energia electric\u0103 injectat\u0103 \u00een re\u021bea de prosumatorii. Pre\u021bul va reflecta valoarea de pia\u021b\u0103 a energiei.<\/p>\n\n\n\n<p class=\"wp-block-paragraph\">\u201eStatul \u00ee\u0219i asum\u0103 reducerea riscurilor pentru investitori \u0219i accelerarea proceselor, astfel \u00eenc\u00e2t s\u0103 ob\u021binem cele mai bune pre\u021buri pentru consumatori. Am demonstrat deja c\u0103 putem livra rezultate \u2013 de la facilit\u0103\u021bi fiscale, scutiri de TVA la lucr\u0103ri de montaj p\u00e2n\u0103 la posibilitatea de instalare pe terenuri agricole \u0219i granturi pentru dezvoltatori. Urm\u0103torul pas este s\u0103 oferim un cadru \u0219i mai predictibil, stabil \u0219i atractiv pentru to\u021bi cei care vor s\u0103 investeasc\u0103 \u00een energia verde\u201d, a declarat secretara de stat a Ministerului Energiei, Carolina Novac.La \u00eenceputul anului 2026, capacit\u0103\u021bile instalate din surse regenerabile au dep\u0103\u0219it 1.000 MW, iar ponderea energiei verzi \u00een consumul de electricitate a ajuns la 24,5%, fa\u021b\u0103 de doar 3,6% \u00een 2021.<\/p>\n\n\n\n<p class=\"wp-block-paragraph\">La \u00eenceputul anului 2026, capacit\u0103\u021bile instalate din surse regenerabile au dep\u0103\u0219it 1.000 MW, iar ponderea energiei verzi \u00een consumul de electricitate a ajuns la 24,5%, fa\u021b\u0103 de doar 3,6% \u00een 2021. Cea mai r\u0103sp\u00e2ndit\u0103 tehnologie r\u0103m\u00e2ne cea fotovoltaic\u0103, cu o capacitate instalat\u0103 de 747,00 MW, reprezent\u00e2nd 73% din totalul capacit\u0103\u021bilor SER. Aceasta este urmat\u0103 de energia eolian\u0103, care a atins 252,52 MW (25%). Capacit\u0103\u021bile hidro \u0219i biogaz \u00eensumeaz\u0103 16,75 MW (1%) \u0219i respectiv 7,16 MW (1%).<\/p>","protected":false},"excerpt":{"rendered":"<p>Ministerul Energiei propune modernizarea cadrului legal pentru dezvoltarea energiei regenerabile, ceea ce ar permite accelerarea investi\u021biilor \u00een sector, prin simplificarea \u0219i digitalizarea proceselor de autorizare. Prevederile se con\u021bin \u00eentr-un proiect supus consult\u0103rilor publice, transmite MOLDPRES. Un element important al reformei este identificarea Zonelor de Accelerare pentru proiectele regenerabile, adic\u0103 zone unde procedurile vor fi implementate [&hellip;]<\/p>\n","protected":false},"author":1,"featured_media":82840,"comment_status":"closed","ping_status":"closed","sticky":false,"template":"","format":"standard","meta":{"_gspb_post_css":"","footnotes":""},"categories":[22],"tags":[],"class_list":["post-82838","post","type-post","status-publish","format-standard","has-post-thumbnail","hentry","category-energie"],"blocksy_meta":[],"yoast_head":"<!-- This site is optimized with the Yoast SEO plugin v28.3 - https:\/\/yoast.com\/product\/yoast-seo-wordpress\/ -->\n<title>Ministerul Energiei propune noi m\u0103suri pentru accelerarea investi\u021biilor \u00een regenerabile - Energy-Wind Moldova<\/title>\n<meta name=\"robots\" content=\"index, follow, max-snippet:-1, max-image-preview:large, max-video-preview:-1\" \/>\n<link rel=\"canonical\" href=\"https:\/\/energy-wind.md\/ru\/ministerul-energiei-propune-noi-masuri-pentru-accelerarea-investitiilor-in-regenerabile\/\" \/>\n<meta property=\"og:locale\" content=\"ru_RU\" \/>\n<meta property=\"og:type\" content=\"article\" \/>\n<meta property=\"og:title\" content=\"Ministerul Energiei propune noi m\u0103suri pentru accelerarea investi\u021biilor \u00een regenerabile - Energy-Wind Moldova\" \/>\n<meta property=\"og:description\" content=\"Ministerul Energiei propune modernizarea cadrului legal pentru dezvoltarea energiei regenerabile, ceea ce ar permite accelerarea investi\u021biilor \u00een sector, prin simplificarea \u0219i digitalizarea proceselor de autorizare. Prevederile se con\u021bin \u00eentr-un proiect supus consult\u0103rilor publice, transmite MOLDPRES. Un element important al reformei este identificarea Zonelor de Accelerare pentru proiectele regenerabile, adic\u0103 zone unde procedurile vor fi implementate [&hellip;]\" \/>\n<meta property=\"og:url\" content=\"https:\/\/energy-wind.md\/ru\/ministerul-energiei-propune-noi-masuri-pentru-accelerarea-investitiilor-in-regenerabile\/\" \/>\n<meta property=\"og:site_name\" content=\"Energy-Wind Moldova\" \/>\n<meta property=\"article:published_time\" content=\"2026-04-09T15:14:05+00:00\" \/>\n<meta property=\"article:modified_time\" content=\"2026-07-14T12:06:37+00:00\" \/>\n<meta property=\"og:image\" content=\"https:\/\/energy-wind.md\/wp-content\/uploads\/2026\/04\/0aeaf8ec-b0dd-40dc-b092-188af79f5335-e1775802102538.jpeg\" \/>\n\t<meta property=\"og:image:width\" content=\"1254\" \/>\n\t<meta property=\"og:image:height\" content=\"897\" \/>\n\t<meta property=\"og:image:type\" content=\"image\/jpeg\" \/>\n<meta name=\"author\" content=\"admin\" \/>\n<meta name=\"twitter:card\" content=\"summary_large_image\" \/>\n<meta name=\"twitter:label1\" content=\"\u041d\u0430\u043f\u0438\u0441\u0430\u043d\u043e \u0430\u0432\u0442\u043e\u0440\u043e\u043c\" \/>\n\t<meta name=\"twitter:data1\" content=\"admin\" \/>\n\t<meta name=\"twitter:label2\" content=\"\u041f\u0440\u0438\u043c\u0435\u0440\u043d\u043e\u0435 \u0432\u0440\u0435\u043c\u044f \u0434\u043b\u044f \u0447\u0442\u0435\u043d\u0438\u044f\" \/>\n\t<meta name=\"twitter:data2\" content=\"2 \u043c\u0438\u043d\u0443\u0442\u044b\" \/>\n<script type=\"application\/ld+json\" class=\"yoast-schema-graph\">{\"@context\":\"https:\\\/\\\/schema.org\",\"@graph\":[{\"@type\":\"Article\",\"@id\":\"https:\\\/\\\/energy-wind.md\\\/ministerul-energiei-propune-noi-masuri-pentru-accelerarea-investitiilor-in-regenerabile\\\/#article\",\"isPartOf\":{\"@id\":\"https:\\\/\\\/energy-wind.md\\\/ministerul-energiei-propune-noi-masuri-pentru-accelerarea-investitiilor-in-regenerabile\\\/\"},\"author\":{\"name\":\"admin\",\"@id\":\"https:\\\/\\\/energy-wind.md\\\/#\\\/schema\\\/person\\\/06861c5485c52d87ef7cc3c8d056c35e\"},\"headline\":\"Ministerul Energiei propune noi m\u0103suri pentru accelerarea investi\u021biilor \u00een regenerabile\",\"datePublished\":\"2026-04-09T15:14:05+00:00\",\"dateModified\":\"2026-07-14T12:06:37+00:00\",\"mainEntityOfPage\":{\"@id\":\"https:\\\/\\\/energy-wind.md\\\/ministerul-energiei-propune-noi-masuri-pentru-accelerarea-investitiilor-in-regenerabile\\\/\"},\"wordCount\":444,\"publisher\":{\"@id\":\"https:\\\/\\\/energy-wind.md\\\/#organization\"},\"image\":{\"@id\":\"https:\\\/\\\/energy-wind.md\\\/ministerul-energiei-propune-noi-masuri-pentru-accelerarea-investitiilor-in-regenerabile\\\/#primaryimage\"},\"thumbnailUrl\":\"https:\\\/\\\/energy-wind.md\\\/wp-content\\\/uploads\\\/2026\\\/04\\\/0aeaf8ec-b0dd-40dc-b092-188af79f5335-e1775802102538.jpeg\",\"articleSection\":[\"Energie\"],\"inLanguage\":\"ru-RU\"},{\"@type\":\"WebPage\",\"@id\":\"https:\\\/\\\/energy-wind.md\\\/ministerul-energiei-propune-noi-masuri-pentru-accelerarea-investitiilor-in-regenerabile\\\/\",\"url\":\"https:\\\/\\\/energy-wind.md\\\/ministerul-energiei-propune-noi-masuri-pentru-accelerarea-investitiilor-in-regenerabile\\\/\",\"name\":\"Ministerul Energiei propune noi m\u0103suri pentru accelerarea investi\u021biilor \u00een regenerabile - Energy-Wind Moldova\",\"isPartOf\":{\"@id\":\"https:\\\/\\\/energy-wind.md\\\/#website\"},\"primaryImageOfPage\":{\"@id\":\"https:\\\/\\\/energy-wind.md\\\/ministerul-energiei-propune-noi-masuri-pentru-accelerarea-investitiilor-in-regenerabile\\\/#primaryimage\"},\"image\":{\"@id\":\"https:\\\/\\\/energy-wind.md\\\/ministerul-energiei-propune-noi-masuri-pentru-accelerarea-investitiilor-in-regenerabile\\\/#primaryimage\"},\"thumbnailUrl\":\"https:\\\/\\\/energy-wind.md\\\/wp-content\\\/uploads\\\/2026\\\/04\\\/0aeaf8ec-b0dd-40dc-b092-188af79f5335-e1775802102538.jpeg\",\"datePublished\":\"2026-04-09T15:14:05+00:00\",\"dateModified\":\"2026-07-14T12:06:37+00:00\",\"breadcrumb\":{\"@id\":\"https:\\\/\\\/energy-wind.md\\\/ministerul-energiei-propune-noi-masuri-pentru-accelerarea-investitiilor-in-regenerabile\\\/#breadcrumb\"},\"inLanguage\":\"ru-RU\",\"potentialAction\":[{\"@type\":\"ReadAction\",\"target\":[\"https:\\\/\\\/energy-wind.md\\\/ministerul-energiei-propune-noi-masuri-pentru-accelerarea-investitiilor-in-regenerabile\\\/\"]}]},{\"@type\":\"ImageObject\",\"inLanguage\":\"ru-RU\",\"@id\":\"https:\\\/\\\/energy-wind.md\\\/ministerul-energiei-propune-noi-masuri-pentru-accelerarea-investitiilor-in-regenerabile\\\/#primaryimage\",\"url\":\"https:\\\/\\\/energy-wind.md\\\/wp-content\\\/uploads\\\/2026\\\/04\\\/0aeaf8ec-b0dd-40dc-b092-188af79f5335-e1775802102538.jpeg\",\"contentUrl\":\"https:\\\/\\\/energy-wind.md\\\/wp-content\\\/uploads\\\/2026\\\/04\\\/0aeaf8ec-b0dd-40dc-b092-188af79f5335-e1775802102538.jpeg\",\"width\":1254,\"height\":897},{\"@type\":\"BreadcrumbList\",\"@id\":\"https:\\\/\\\/energy-wind.md\\\/ministerul-energiei-propune-noi-masuri-pentru-accelerarea-investitiilor-in-regenerabile\\\/#breadcrumb\",\"itemListElement\":[{\"@type\":\"ListItem\",\"position\":1,\"name\":\"\u0413\u043b\u0430\u0432\u043d\u0430\u044f \u0441\u0442\u0440\u0430\u043d\u0438\u0446\u0430\",\"item\":\"https:\\\/\\\/energy-wind.md\\\/\"},{\"@type\":\"ListItem\",\"position\":2,\"name\":\"Ministerul Energiei propune noi m\u0103suri pentru accelerarea investi\u021biilor \u00een regenerabile\"}]},{\"@type\":\"WebSite\",\"@id\":\"https:\\\/\\\/energy-wind.md\\\/#website\",\"url\":\"https:\\\/\\\/energy-wind.md\\\/\",\"name\":\"Energy-Wind Moldova\",\"description\":\"Solu\u021bii complete pentru energie regenerabil\u0103\",\"publisher\":{\"@id\":\"https:\\\/\\\/energy-wind.md\\\/#organization\"},\"potentialAction\":[{\"@type\":\"SearchAction\",\"target\":{\"@type\":\"EntryPoint\",\"urlTemplate\":\"https:\\\/\\\/energy-wind.md\\\/?s={search_term_string}\"},\"query-input\":{\"@type\":\"PropertyValueSpecification\",\"valueRequired\":true,\"valueName\":\"search_term_string\"}}],\"inLanguage\":\"ru-RU\"},{\"@type\":\"Organization\",\"@id\":\"https:\\\/\\\/energy-wind.md\\\/#organization\",\"name\":\"Energy-Wind Moldova\",\"url\":\"https:\\\/\\\/energy-wind.md\\\/\",\"logo\":{\"@type\":\"ImageObject\",\"inLanguage\":\"ru-RU\",\"@id\":\"https:\\\/\\\/energy-wind.md\\\/#\\\/schema\\\/logo\\\/image\\\/\",\"url\":\"https:\\\/\\\/energy-wind.md\\\/wp-content\\\/uploads\\\/2026\\\/07\\\/cropped-favicon.png\",\"contentUrl\":\"https:\\\/\\\/energy-wind.md\\\/wp-content\\\/uploads\\\/2026\\\/07\\\/cropped-favicon.png\",\"width\":512,\"height\":512,\"caption\":\"Energy-Wind Moldova\"},\"image\":{\"@id\":\"https:\\\/\\\/energy-wind.md\\\/#\\\/schema\\\/logo\\\/image\\\/\"}},{\"@type\":\"Person\",\"@id\":\"https:\\\/\\\/energy-wind.md\\\/#\\\/schema\\\/person\\\/06861c5485c52d87ef7cc3c8d056c35e\",\"name\":\"admin\",\"image\":{\"@type\":\"ImageObject\",\"inLanguage\":\"ru-RU\",\"@id\":\"https:\\\/\\\/secure.gravatar.com\\\/avatar\\\/7d49b1b4f39881633ba28af6a89d8b93eb15f4452497f0f3dd451aad9473a130?s=96&d=mm&r=g\",\"url\":\"https:\\\/\\\/secure.gravatar.com\\\/avatar\\\/7d49b1b4f39881633ba28af6a89d8b93eb15f4452497f0f3dd451aad9473a130?s=96&d=mm&r=g\",\"contentUrl\":\"https:\\\/\\\/secure.gravatar.com\\\/avatar\\\/7d49b1b4f39881633ba28af6a89d8b93eb15f4452497f0f3dd451aad9473a130?s=96&d=mm&r=g\",\"caption\":\"admin\"},\"sameAs\":[\"https:\\\/\\\/new.energy-wind.md\"],\"url\":\"https:\\\/\\\/energy-wind.md\\\/ru\\\/author\\\/admin\\\/\"}]}<\/script>\n<!-- \/ Yoast SEO plugin. -->","yoast_head_json":{"title":"Ministerul Energiei propune noi m\u0103suri pentru accelerarea investi\u021biilor \u00een regenerabile - Energy-Wind Moldova","robots":{"index":"index","follow":"follow","max-snippet":"max-snippet:-1","max-image-preview":"max-image-preview:large","max-video-preview":"max-video-preview:-1"},"canonical":"https:\/\/energy-wind.md\/ru\/ministerul-energiei-propune-noi-masuri-pentru-accelerarea-investitiilor-in-regenerabile\/","og_locale":"ru_RU","og_type":"article","og_title":"Ministerul Energiei propune noi m\u0103suri pentru accelerarea investi\u021biilor \u00een regenerabile - Energy-Wind Moldova","og_description":"Ministerul Energiei propune modernizarea cadrului legal pentru dezvoltarea energiei regenerabile, ceea ce ar permite accelerarea investi\u021biilor \u00een sector, prin simplificarea \u0219i digitalizarea proceselor de autorizare. Prevederile se con\u021bin \u00eentr-un proiect supus consult\u0103rilor publice, transmite MOLDPRES. Un element important al reformei este identificarea Zonelor de Accelerare pentru proiectele regenerabile, adic\u0103 zone unde procedurile vor fi implementate [&hellip;]","og_url":"https:\/\/energy-wind.md\/ru\/ministerul-energiei-propune-noi-masuri-pentru-accelerarea-investitiilor-in-regenerabile\/","og_site_name":"Energy-Wind Moldova","article_published_time":"2026-04-09T15:14:05+00:00","article_modified_time":"2026-07-14T12:06:37+00:00","og_image":[{"width":1254,"height":897,"url":"https:\/\/energy-wind.md\/wp-content\/uploads\/2026\/04\/0aeaf8ec-b0dd-40dc-b092-188af79f5335-e1775802102538.jpeg","type":"image\/jpeg"}],"author":"admin","twitter_card":"summary_large_image","twitter_misc":{"\u041d\u0430\u043f\u0438\u0441\u0430\u043d\u043e \u0430\u0432\u0442\u043e\u0440\u043e\u043c":"admin","\u041f\u0440\u0438\u043c\u0435\u0440\u043d\u043e\u0435 \u0432\u0440\u0435\u043c\u044f \u0434\u043b\u044f \u0447\u0442\u0435\u043d\u0438\u044f":"2 \u043c\u0438\u043d\u0443\u0442\u044b"},"schema":{"@context":"https:\/\/schema.org","@graph":[{"@type":"Article","@id":"https:\/\/energy-wind.md\/ministerul-energiei-propune-noi-masuri-pentru-accelerarea-investitiilor-in-regenerabile\/#article","isPartOf":{"@id":"https:\/\/energy-wind.md\/ministerul-energiei-propune-noi-masuri-pentru-accelerarea-investitiilor-in-regenerabile\/"},"author":{"name":"admin","@id":"https:\/\/energy-wind.md\/#\/schema\/person\/06861c5485c52d87ef7cc3c8d056c35e"},"headline":"Ministerul Energiei propune noi m\u0103suri pentru accelerarea investi\u021biilor \u00een regenerabile","datePublished":"2026-04-09T15:14:05+00:00","dateModified":"2026-07-14T12:06:37+00:00","mainEntityOfPage":{"@id":"https:\/\/energy-wind.md\/ministerul-energiei-propune-noi-masuri-pentru-accelerarea-investitiilor-in-regenerabile\/"},"wordCount":444,"publisher":{"@id":"https:\/\/energy-wind.md\/#organization"},"image":{"@id":"https:\/\/energy-wind.md\/ministerul-energiei-propune-noi-masuri-pentru-accelerarea-investitiilor-in-regenerabile\/#primaryimage"},"thumbnailUrl":"https:\/\/energy-wind.md\/wp-content\/uploads\/2026\/04\/0aeaf8ec-b0dd-40dc-b092-188af79f5335-e1775802102538.jpeg","articleSection":["Energie"],"inLanguage":"ru-RU"},{"@type":"WebPage","@id":"https:\/\/energy-wind.md\/ministerul-energiei-propune-noi-masuri-pentru-accelerarea-investitiilor-in-regenerabile\/","url":"https:\/\/energy-wind.md\/ministerul-energiei-propune-noi-masuri-pentru-accelerarea-investitiilor-in-regenerabile\/","name":"Ministerul Energiei propune noi m\u0103suri pentru accelerarea investi\u021biilor \u00een regenerabile - Energy-Wind Moldova","isPartOf":{"@id":"https:\/\/energy-wind.md\/#website"},"primaryImageOfPage":{"@id":"https:\/\/energy-wind.md\/ministerul-energiei-propune-noi-masuri-pentru-accelerarea-investitiilor-in-regenerabile\/#primaryimage"},"image":{"@id":"https:\/\/energy-wind.md\/ministerul-energiei-propune-noi-masuri-pentru-accelerarea-investitiilor-in-regenerabile\/#primaryimage"},"thumbnailUrl":"https:\/\/energy-wind.md\/wp-content\/uploads\/2026\/04\/0aeaf8ec-b0dd-40dc-b092-188af79f5335-e1775802102538.jpeg","datePublished":"2026-04-09T15:14:05+00:00","dateModified":"2026-07-14T12:06:37+00:00","breadcrumb":{"@id":"https:\/\/energy-wind.md\/ministerul-energiei-propune-noi-masuri-pentru-accelerarea-investitiilor-in-regenerabile\/#breadcrumb"},"inLanguage":"ru-RU","potentialAction":[{"@type":"ReadAction","target":["https:\/\/energy-wind.md\/ministerul-energiei-propune-noi-masuri-pentru-accelerarea-investitiilor-in-regenerabile\/"]}]},{"@type":"ImageObject","inLanguage":"ru-RU","@id":"https:\/\/energy-wind.md\/ministerul-energiei-propune-noi-masuri-pentru-accelerarea-investitiilor-in-regenerabile\/#primaryimage","url":"https:\/\/energy-wind.md\/wp-content\/uploads\/2026\/04\/0aeaf8ec-b0dd-40dc-b092-188af79f5335-e1775802102538.jpeg","contentUrl":"https:\/\/energy-wind.md\/wp-content\/uploads\/2026\/04\/0aeaf8ec-b0dd-40dc-b092-188af79f5335-e1775802102538.jpeg","width":1254,"height":897},{"@type":"BreadcrumbList","@id":"https:\/\/energy-wind.md\/ministerul-energiei-propune-noi-masuri-pentru-accelerarea-investitiilor-in-regenerabile\/#breadcrumb","itemListElement":[{"@type":"ListItem","position":1,"name":"\u0413\u043b\u0430\u0432\u043d\u0430\u044f \u0441\u0442\u0440\u0430\u043d\u0438\u0446\u0430","item":"https:\/\/energy-wind.md\/"},{"@type":"ListItem","position":2,"name":"Ministerul Energiei propune noi m\u0103suri pentru accelerarea investi\u021biilor \u00een regenerabile"}]},{"@type":"WebSite","@id":"https:\/\/energy-wind.md\/#website","url":"https:\/\/energy-wind.md\/","name":"Energy-Wind Moldova","description":"Solu\u021bii complete pentru energie regenerabil\u0103","publisher":{"@id":"https:\/\/energy-wind.md\/#organization"},"potentialAction":[{"@type":"SearchAction","target":{"@type":"EntryPoint","urlTemplate":"https:\/\/energy-wind.md\/?s={search_term_string}"},"query-input":{"@type":"PropertyValueSpecification","valueRequired":true,"valueName":"search_term_string"}}],"inLanguage":"ru-RU"},{"@type":"Organization","@id":"https:\/\/energy-wind.md\/#organization","name":"Energy-Wind Moldova","url":"https:\/\/energy-wind.md\/","logo":{"@type":"ImageObject","inLanguage":"ru-RU","@id":"https:\/\/energy-wind.md\/#\/schema\/logo\/image\/","url":"https:\/\/energy-wind.md\/wp-content\/uploads\/2026\/07\/cropped-favicon.png","contentUrl":"https:\/\/energy-wind.md\/wp-content\/uploads\/2026\/07\/cropped-favicon.png","width":512,"height":512,"caption":"Energy-Wind Moldova"},"image":{"@id":"https:\/\/energy-wind.md\/#\/schema\/logo\/image\/"}},{"@type":"Person","@id":"https:\/\/energy-wind.md\/#\/schema\/person\/06861c5485c52d87ef7cc3c8d056c35e","name":"admin","image":{"@type":"ImageObject","inLanguage":"ru-RU","@id":"https:\/\/secure.gravatar.com\/avatar\/7d49b1b4f39881633ba28af6a89d8b93eb15f4452497f0f3dd451aad9473a130?s=96&d=mm&r=g","url":"https:\/\/secure.gravatar.com\/avatar\/7d49b1b4f39881633ba28af6a89d8b93eb15f4452497f0f3dd451aad9473a130?s=96&d=mm&r=g","contentUrl":"https:\/\/secure.gravatar.com\/avatar\/7d49b1b4f39881633ba28af6a89d8b93eb15f4452497f0f3dd451aad9473a130?s=96&d=mm&r=g","caption":"admin"},"sameAs":["https:\/\/new.energy-wind.md"],"url":"https:\/\/energy-wind.md\/ru\/author\/admin\/"}]}},"_links":{"self":[{"href":"https:\/\/energy-wind.md\/ru\/wp-json\/wp\/v2\/posts\/82838","targetHints":{"allow":["GET"]}}],"collection":[{"href":"https:\/\/energy-wind.md\/ru\/wp-json\/wp\/v2\/posts"}],"about":[{"href":"https:\/\/energy-wind.md\/ru\/wp-json\/wp\/v2\/types\/post"}],"author":[{"embeddable":true,"href":"https:\/\/energy-wind.md\/ru\/wp-json\/wp\/v2\/users\/1"}],"replies":[{"embeddable":true,"href":"https:\/\/energy-wind.md\/ru\/wp-json\/wp\/v2\/comments?post=82838"}],"version-history":[{"count":1,"href":"https:\/\/energy-wind.md\/ru\/wp-json\/wp\/v2\/posts\/82838\/revisions"}],"predecessor-version":[{"id":85956,"href":"https:\/\/energy-wind.md\/ru\/wp-json\/wp\/v2\/posts\/82838\/revisions\/85956"}],"wp:featuredmedia":[{"embeddable":true,"href":"https:\/\/energy-wind.md\/ru\/wp-json\/wp\/v2\/media\/82840"}],"wp:attachment":[{"href":"https:\/\/energy-wind.md\/ru\/wp-json\/wp\/v2\/media?parent=82838"}],"wp:term":[{"taxonomy":"category","embeddable":true,"href":"https:\/\/energy-wind.md\/ru\/wp-json\/wp\/v2\/categories?post=82838"},{"taxonomy":"post_tag","embeddable":true,"href":"https:\/\/energy-wind.md\/ru\/wp-json\/wp\/v2\/tags?post=82838"}],"curies":[{"name":"wp","href":"https:\/\/api.w.org\/{rel}","templated":true}]}}